[{"@context":"https:\/\/schema.org\/","@type":"Article","@id":"https:\/\/www.roks.sk\/pripada-mi-to-ako-doba-kamenna-uz-len-divosi-tu-chybaju\/#Article","mainEntityOfPage":"https:\/\/www.roks.sk\/pripada-mi-to-ako-doba-kamenna-uz-len-divosi-tu-chybaju\/","headline":"Pripad\u00e1 mi to ako doba kamenn\u00e1 u\u017e len divosi tu ch\u00fdbaj\u00fa","name":"Pripad\u00e1 mi to ako doba kamenn\u00e1 u\u017e len divosi tu ch\u00fdbaj\u00fa","description":"\u013dudom pripad\u00e1 tento \u0161t\u00e1t ako koc\u00farkovo ni\u010d nerie\u0161ia vadia sa smie\u0161ne. Sna\u017e\u00edme sa sledova\u0165 tzv. politick\u00e9 rel\u00e1cie ka\u017ed\u00fa nede\u013eu no ni\u010d sa nemen\u00ed st\u00e1le o tom istom. Dnes v rel\u00e1cii\u00a0o 5 min\u00fat 12 bol p\u00e1n. Fico a Eduard H\u00a0len sa \u0161kriepili sa ako tetky na trhu jeden na druh\u00e9ho. E.H\u00a0tvrdil \u017ee p\u00e1n Fico nepomohol \u013eudom... <a href=\"https:\/\/www.roks.sk\/pripada-mi-to-ako-doba-kamenna-uz-len-divosi-tu-chybaju\/\" class=\"more-link\">Read more: Pripad\u00e1 mi to ako doba kamenn\u00e1 u\u017e len divosi tu ch\u00fdbaj\u00fa<\/a>","datePublished":"2023-03-13","dateModified":"2024-02-21","author":{"@type":"Person","@id":"https:\/\/www.roks.sk\/author\/#Person","name":"","url":"https:\/\/www.roks.sk\/author\/","identifier":1,"image":{"@type":"ImageObject","@id":"https:\/\/secure.gravatar.com\/avatar\/65248d4269af31fa3fa693ee3fd479d0960b985d370ed586e59378332be7a3ce?s=96&d=mm&r=g","url":"https:\/\/secure.gravatar.com\/avatar\/65248d4269af31fa3fa693ee3fd479d0960b985d370ed586e59378332be7a3ce?s=96&d=mm&r=g","height":96,"width":96}},"publisher":{"@type":"Organization","name":"roks.sk","logo":{"@type":"ImageObject","@id":"\/logo.png","url":"\/logo.png","width":600,"height":60}},"image":{"@type":"ImageObject","@id":"https:\/\/www.roks.sk\/wp-content\/uploads\/blogger-2838945_640_1.jpg","url":"https:\/\/www.roks.sk\/wp-content\/uploads\/blogger-2838945_640_1.jpg","height":0,"width":0},"url":"https:\/\/www.roks.sk\/pripada-mi-to-ako-doba-kamenna-uz-len-divosi-tu-chybaju\/","about":["Financie"],"wordCount":452,"articleBody":"\u013dudom pripad\u00e1 tento \u0161t\u00e1t ako koc\u00farkovo ni\u010d nerie\u0161ia vadia sa smie\u0161ne. Sna\u017e\u00edme sa sledova\u0165 tzv. politick\u00e9 rel\u00e1cie ka\u017ed\u00fa nede\u013eu no ni\u010d sa nemen\u00ed st\u00e1le o tom istom. Dnes v rel\u00e1cii\u00a0o 5 min\u00fat 12 bol p\u00e1n. Fico a Eduard H\u00a0len sa \u0161kriepili sa ako tetky na trhu jeden na druh\u00e9ho. E.H\u00a0tvrdil \u017ee p\u00e1n Fico nepomohol \u013eudom \u010do sa t\u00fdka 13 a 14 d\u00f4chodku a pod. A polo\u017eme si ot\u00e1zku ony \u010do urobili ko\u013eko n\u00e1m chudobe toho dali smie\u0161nu sumu fakt na posmech. Pre\u010do sa Slov\u00e1ci\u00a0pozer\u00e1 nato v\u0161etko \u010do sa deje v na\u0161ej krajine alebo nie je krajina. Ka\u017ed\u00fd \u010du\u0161\u00ed boj\u00edme sa si otvori\u0165 o\u010di aj \u00fasta smie\u0161ne do dokedy mienite takto necha\u0165 by\u0165 ticho doslova a do p\u00edsme na \u010du\u0161a\u0165 ako \u0161va pod chrastou. V druh\u00fdch krajin\u00e1ch s\u00fa neust\u00e1le \u0161trajky a tu sa ni\u010d nerie\u0161i. Ke\u010f nie s\u00fa na pretrase vo\u013eby tak ako\u017ee hygiena sam\u00e9 svinstvo\u00a0dov\u00e1\u017eame m\u00e1m na mysli potraviny alebo lep\u0161ie\u00a0povedan\u00e9 potraviny u\u017e \u010dlovek fakt nevie \u010do m\u00e1 jes\u0165 sam\u00e9 zahrani\u010dn\u00fa\u00a0zgerbu my \u017ee sme sebesta\u010dn\u00fd \u0161t\u00e1t nedajte vysmia\u0165 ni\u010d okrem ako\u017ee \u017eita, repky olejnej a kukurice nevidie\u0165 na poliach a sam\u00e9 chemick\u00e9 postreky. Ke\u010f za\u010dn\u00fa s\u0165ahova\u0165 z predaja potravinu objav\u00ed sa p\u00e1n B\u00edre\u0161 bu\u010f\u00a0 ke\u010f m\u00e1te potravinu doma vyhodene ju a nekonzumujte\u00a0ju alebo nemus\u00edte sa ob\u00e1va\u0165 ni\u010d nehroz\u00ed no kde je pravda nikto sa nedozvie robia si dobr\u00fa reklamu za ve\u013ek\u00e9 peniaze a my chudoba sa len prizer\u00e1me a sme ticho. No po\u010fme\u00a0\u010falej ako znie na\u0161a pekn\u00e1 hymna Na Tatrou sa bl\u00fdska jedna strofa znie To Slovensko na\u0161e posia\u013e tvrdo spalo, ale blesky hromu vzbudzuj\u00fa ho k tomu, aby sa prebralo ale kedy sa preberieme. Zaspali sme dobu u\u017e d\u00e1vno prad\u00e1vno n\u00e1\u0161 \u0161t\u00e1t ned\u00e1 do poriadku ani keby sa vymenilo tam hore v\u0161etko. Ve\u013eakr\u00e1t zd\u00e1 ako keby \u013eudia nerozm\u00fd\u0161\u013eali \u010do sa deje. Na\u010falej\u00a0sa rozkr\u00e1da a n\u00e1\u0161 my sme pomaly \u00faplne dole na chvoste. Dnes sa mi p\u00ed\u0161e ve\u013emi dobre aj ke\u010f neskuto\u010dn\u00e9 telo u\u017e nieko\u013eko dn\u00ed asi ma \u010dosi dobre nakoplo \u017ee by ma kopla m\u00faza m\u00f4\u017ee by\u0165 ale hlavne\u00a0vid\u00edm ak\u00e1 je situ\u00e1cia hrozn\u00e1 ony si fakt myslia \u017ee za hodinu rel\u00e1cie alebo\u00a0tv spr\u00e1vach nie\u010do dorie\u0161ia smie\u0161ne ale o tejto t\u00e9me sa d\u00e1 p\u00edsa\u0165 donekone\u010dna tak na bud\u00face.                                                                                                                                                                                                                                                                                                                                                                                        4.3\/5 - (14 votes)        "},{"@context":"https:\/\/schema.org\/","@type":"BreadcrumbList","itemListElement":[{"@type":"ListItem","position":1,"name":"Pripad\u00e1 mi to ako doba kamenn\u00e1 u\u017e len divosi tu ch\u00fdbaj\u00fa","item":"https:\/\/www.roks.sk\/pripada-mi-to-ako-doba-kamenna-uz-len-divosi-tu-chybaju\/#breadcrumbitem"}]}]